{"id":3103,"date":"2026-04-01T09:00:40","date_gmt":"2026-04-01T07:00:40","guid":{"rendered":"https:\/\/pelerinage-saint-jacques-compostelle.com\/?p=3103"},"modified":"2026-03-27T12:05:05","modified_gmt":"2026-03-27T11:05:05","slug":"herri-urrats-cerca-de-gite-saint-jean-pied-de-port","status":"publish","type":"post","link":"https:\/\/pelerinage-saint-jacques-compostelle.com\/es\/herri-urrats-cerca-de-gite-saint-jean-pied-de-port\/","title":{"rendered":"Descubra el evento Herri Urrats cerca de nuestra casa rural en Saint-Jean-Pied-de-Port"},"content":{"rendered":"<blockquote><p>Todos los a\u00f1os, <strong>Herri Urrats<\/strong> atrae a numerosos visitantes al Pa\u00eds Vasco el segundo domingo de mayo. En este art\u00edculo repasamos esta cita ineludible, que se celebra no muy lejos de <a href=\"https:\/\/pelerinage-saint-jacques-compostelle.com\/es\/\"><strong>nuestra casa rural en Saint-Jean-Pied-de-Port<\/strong><\/a>. Ambiente festivo, animaci\u00f3n familiar, acceso al lago de Saint-P\u00e9e-sur-Nivelle y posibilidades de alojamiento in situ o en las inmediaciones.<\/p><\/blockquote>\n<h2 id=\"origine-but-fete-herri-urrats\">Comprender el origen y la finalidad de la fiesta de Herri Urrats<\/h2>\n<p>Una vez evocada la atm\u00f3sfera del Pa\u00eds Vasco, volvamos nuestra atenci\u00f3n a <strong>el acontecimiento que sacude la regi\u00f3n cada primavera<\/strong> por una causa esencial.<\/p>\n<h3>Apoyo financiero a las escuelas de inmersi\u00f3n en euskera<\/h3>\n<p>Los beneficios de este d\u00eda <strong>financiar directamente las infraestructuras de la ikastola<\/strong>. Estos fondos se utilizan para construir o renovar los edificios escolares necesarios para acoger a los alumnos.<\/p>\n<p>El modelo inmersivo utiliza el euskera como lengua principal de ense\u00f1anza. Este sistema, gestionado por Seaska, <strong>garantiza la transmisi\u00f3n de la lengua<\/strong> a las generaciones m\u00e1s j\u00f3venes de la regi\u00f3n.<\/p>\n<p>Inscribirse en este programa de escolarizaci\u00f3n es un compromiso militante. Para las familias locales, esta elecci\u00f3n <strong>garantiza la continuidad de su patrimonio ling\u00fc\u00edstico<\/strong> a diario.<\/p>\n<h3>Una organizaci\u00f3n voluntaria dedicada al patrimonio local<\/h3>\n<p>Miles de voluntarios se implican para preparar el emplazamiento del lago con varios meses de antelaci\u00f3n. Esta movilizaci\u00f3n masiva es una <strong>una aventura humana esencial para el \u00e9xito del proyecto<\/strong>.<\/p>\n<p>El acontecimiento <strong>refuerza el sentimiento de pertenencia y el orgullo local<\/strong>. Todas las provincias se re\u00fanen en torno al lago de Saint-P\u00e9e-sur-Nivelle para apoyar esta cultura viva.<\/p>\n<p>Le <strong>trabajo de los equipos log\u00edsticos<\/strong> abarca una amplia gama de tareas:<\/p>\n<ul>\n<li>Montaje de escenarios y zonas esc\u00e9nicas.<\/li>\n<li>Gesti\u00f3n completa de los servicios de restauraci\u00f3n.<\/li>\n<li>Acogida del p\u00fablico y dispositivos de seguridad.<\/li>\n<\/ul>\n<h2 id=\"poles-activites-lac-saint-pee\">3 actividades para descubrir en los alrededores del lago de Saint-P\u00e9e<\/h2>\n<h3>El calendario anual y c\u00f3mo acceder al sitio<\/h3>\n<p>La fiesta se celebra cada a\u00f1o el segundo domingo de mayo. Es la cita primaveral que todo el mundo espera para <strong>apoyo a la ikastola<\/strong>. An\u00f3tenlo en sus agendas para no perderse nada.<\/p>\n<p>Le <strong>es precisamente alrededor del lago<\/strong> de Saint-P\u00e9e-sur-Nivelle. El entorno natural acoge a miles de visitantes. El acceso est\u00e1 se\u00f1alizado para facilitar la llegada de los visitantes desde las carreteras principales.<\/p>\n<h3>Las distintas zonas de ocio y restauraci\u00f3n<\/h3>\n<p>Las etapas ofrecen <strong>una amplia gama de espect\u00e1culos<\/strong> durante todo el d\u00eda. Hay conciertos de rock vasco y danzas tradicionales. El ambiente es electrizante en todos los escenarios.<\/p>\n<p>Varios establecimientos de restauraci\u00f3n sirven <strong>sabores y gastronom\u00eda locales<\/strong> del Pa\u00eds Vasco. Podr\u00e1s degustar talos y bebidas caseras. Estos puestos financian directamente los proyectos de construcci\u00f3n de las escuelas de inmersi\u00f3n.<\/p>\n<h3>Actividades para grupos y familias<\/h3>\n<p>Hay zonas especiales para que los ni\u00f1os jueguen sin peligro. En el c\u00e9sped hay estructuras hinchables y juegos de madera. <strong>Los padres pueden tomarse un respiro<\/strong>.<\/p>\n<p>El recorrido por el lago est\u00e1 dividido en varias zonas de colores claramente identificadas. Esto facilita el desplazamiento sin perderse entre la multitud. Es un <strong>organizaci\u00f3n muy bien pensada para los grupos<\/strong>.<\/p>\n<h2 id=\"rejoindre-evenement-saint-jean-pied-de-port\">\u00bfC\u00f3mo llegar al acto desde nuestra casa rural en Saint-Jean-Pied-de-Port?<\/h2>\n<h3>Recorrido y posibilidades de aparcamiento<\/h3>\n<p>Para <strong>hasta el lago de Saint-P\u00e9e-sur-Nivelle<\/strong>, El trayecto dura unos cuarenta minutos. Se toma principalmente la carretera departamental. El paisaje del Pa\u00eds Vasco es magn\u00edfico a lo largo del trayecto.<\/p>\n<p>Llegar temprano es una regla de oro para este evento. Los aparcamientos se llenan r\u00e1pidamente por la ma\u00f1ana. Si no lo hace, <strong>puede que tenga que girar durante mucho tiempo para aparcar<\/strong> en las inmediaciones del emplazamiento.<\/p>\n<p>Recomendamos compartir coche para <strong>limitar el n\u00famero de veh\u00edculos<\/strong>. Es m\u00e1s respetuoso con el medio ambiente y m\u00e1s convivial. Muchos peregrinos comparten los gastos de desplazamiento al festival.<\/p>\n<h3>Transporte p\u00fablico y lanzaderas<\/h3>\n<p>Le recomendamos encarecidamente que utilice los autobuses especiales previstos. Se fletan l\u00edneas desde las principales ciudades de la zona. Esta es la <strong>la soluci\u00f3n m\u00e1s despreocupada<\/strong> para todos los visitantes.<\/p>\n<p>A <strong>sistema de transporte gratuito<\/strong> los domingos. Unen los aparcamientos exteriores con la entrada al lago de Saint-P\u00e9e. El flujo es constante durante todo el d\u00eda gracias a la asociaci\u00f3n.<\/p>\n<table style=\"border-collapse: collapse; width: 100%;\">\n<tbody>\n<tr>\n<td style=\"width: 50%;\"><img loading=\"lazy\" decoding=\"async\" class=\"alignnone wp-image-1669 size-full\" title=\"interieur gite pays basque saint jean pied de port\" src=\"https:\/\/pelerinage-saint-jacques-compostelle.com\/wp-content\/uploads\/interieur-gite-pays-basque-saint-jean-pied-de-port.jpg\" alt=\"interieur gite pays basque saint jean pied de port\" width=\"1800\" height=\"1350\" srcset=\"https:\/\/pelerinage-saint-jacques-compostelle.com\/wp-content\/uploads\/interieur-gite-pays-basque-saint-jean-pied-de-port.jpg 1800w, https:\/\/pelerinage-saint-jacques-compostelle.com\/wp-content\/uploads\/interieur-gite-pays-basque-saint-jean-pied-de-port-1024x768.jpg 1024w, https:\/\/pelerinage-saint-jacques-compostelle.com\/wp-content\/uploads\/interieur-gite-pays-basque-saint-jean-pied-de-port-768x576.jpg 768w, https:\/\/pelerinage-saint-jacques-compostelle.com\/wp-content\/uploads\/interieur-gite-pays-basque-saint-jean-pied-de-port-1536x1152.jpg 1536w\" sizes=\"auto, (max-width: 1800px) 100vw, 1800px\" \/><\/td>\n<td style=\"width: 50%;\"><img loading=\"lazy\" decoding=\"async\" class=\"alignnone wp-image-1723 size-full\" title=\"pays basque randonneurs compostelle gite pelerins alojamiento\" src=\"https:\/\/pelerinage-saint-jacques-compostelle.com\/wp-content\/uploads\/pays-basque-randonneurs-compostelle-gite-pelerins-hebergement.jpg\" alt=\"pays basque randonneurs compostelle gite pelerins alojamiento\" width=\"1800\" height=\"1350\" srcset=\"https:\/\/pelerinage-saint-jacques-compostelle.com\/wp-content\/uploads\/pays-basque-randonneurs-compostelle-gite-pelerins-hebergement.jpg 1800w, https:\/\/pelerinage-saint-jacques-compostelle.com\/wp-content\/uploads\/pays-basque-randonneurs-compostelle-gite-pelerins-hebergement-1024x768.jpg 1024w, https:\/\/pelerinage-saint-jacques-compostelle.com\/wp-content\/uploads\/pays-basque-randonneurs-compostelle-gite-pelerins-hebergement-768x576.jpg 768w, https:\/\/pelerinage-saint-jacques-compostelle.com\/wp-content\/uploads\/pays-basque-randonneurs-compostelle-gite-pelerins-hebergement-1536x1152.jpg 1536w\" sizes=\"auto, (max-width: 1800px) 100vw, 1800px\" \/><\/td>\n<\/tr>\n<\/tbody>\n<\/table>\n<h2 id=\"loger-gite-chemin-etoile-sejour\">Al\u00f3jese en la casa rural Le Chemin vers l'\u00c9toile durante su estancia<\/h2>\n<p>Para disfrutar al m\u00e1ximo de la fiesta sin cansarse, nada mejor que un <strong>merecido descanso<\/strong> en un entorno aut\u00e9ntico.<\/p>\n<h3>Capacidad de alojamiento en dormitorios y boxes privados<\/h3>\n<p>Ofrecemos camas en <strong>Dormitorios de 8 a 10 plazas<\/strong> para su escala. El ambiente es agradable. Estas zonas comunes animan a los caminantes a hablar entre ellos.<\/p>\n<p>Nuestros palcos privados tienen capacidad para entre 2 y 4 personas. Esta opci\u00f3n es ideal para parejas o familias peque\u00f1as. Encontrar\u00e1 <strong>m\u00e1s intimidad para pasar la noche<\/strong>.<\/p>\n<p><strong>La casa rural es ideal para una escapada de unas noches<\/strong>. Eric te recibe con amabilidad. El esp\u00edritu del camino est\u00e1 presente en todas las habitaciones.<\/p>\n<h3>Servicios pr\u00e1cticos para peregrinos y bicicletas<\/h3>\n<p>A <strong>cocina de libre acceso<\/strong> est\u00e1 a su disposici\u00f3n. Podr\u00e1 preparar f\u00e1cilmente sus comidas in situ. El comedor es un lugar ideal para pasar tiempo juntos.<\/p>\n<p>La casa rural ofrece <strong>varias instalaciones a su servicio<\/strong> :<\/p>\n<ul>\n<li>A <strong>terraza exterior para relajarse<\/strong>.<\/li>\n<li>A <strong>lavadero con escurridor<\/strong> para el cuidado de la ropa blanca.<\/li>\n<li>A <strong>patio privado seguro<\/strong> para aparcamiento de bicicletas.<\/li>\n<\/ul>\n<div class=\"faq-page\"><h2>PREGUNTAS FRECUENTES<\/h2>\n<h3>\u00bfQu\u00e9 significa el nombre Herri Urrats?<\/h3>\n<p>En euskera, Herri Urrats significa literalmente \u00abel paso del pueblo\u00bb. Este nombre simboliza la <strong>acci\u00f3n colectiva y solidaridad<\/strong> apoyar su cultura local y su sistema educativo.<\/p>\n<h3>\u00bfCu\u00e1ndo y d\u00f3nde se celebra el acto?<\/h3>\n<p>Le <strong>se celebra cada a\u00f1o<\/strong> el segundo domingo de mayo. Los festejos se celebran en torno al lago de Saint-P\u00e9e-sur-Nivelle, un espacio natural reservado para acoger los distintos actos y a miles de participantes.<\/p>\n<h3>\u00bfCu\u00e1l es el principal objetivo de este festival?<\/h3>\n<p>El acto est\u00e1 organizado por la asociaci\u00f3n Seaska para <strong>financiaci\u00f3n ikastola<\/strong>, Escuelas de inmersi\u00f3n en euskera. Los beneficios se destinan a la construcci\u00f3n o renovaci\u00f3n de escuelas, como coll\u00e8ges y lyc\u00e9es, en las provincias de Labourd, Basse-Navarre y Soule.<\/p>\n<h3>\u00bfC\u00f3mo llegar a Herri Urrats desde Saint-Jean-Pied-de-Port?<\/h3>\n<p>En coche, el trayecto dura unos cuarenta minutos por las carreteras departamentales. Para simplificar, <strong>se ha creado un servicio directo de autobuses<\/strong> sale del mercado cubierto de Saint-Jean-Pied-de-Port a las 8.00 h y regresa a las 20.00 h. Los billetes para esta ruta especial cuestan diez euros y pueden adquirirse en la tienda Kuxkul.<\/p>\n<h3>\u00bfQu\u00e9 actividades se ofrecen in situ?<\/h3>\n<p>El recinto est\u00e1 dividido en varias zonas coloreadas <strong>Conciertos de rock vasco, danzas tradicionales y demostraciones de bertsu.<\/strong> (poes\u00eda improvisada). Para las familias, hay hinchables y juegos de madera. Tambi\u00e9n hay muchos puestos de comida y bebida que sirven talos y bebidas locales.<\/p>\n<h3>\u00bfD\u00f3nde puedo alojarme cerca del festival?<\/h3>\n<p>Nuestra casa rural Le Chemin vers l'\u00c9toile, situada en Saint-Jean-Pied-de-Port, ofrece <strong>soluciones de alojamiento a medida<\/strong>. Disponemos de dormitorios para 8 a 10 personas para una acogida cordial, as\u00ed como de boxes privados para 2 a 4 personas. Las instalaciones pr\u00e1cticas incluyen una cocina autoservicio, una lavander\u00eda y un patio seguro para bicicletas.<\/p>\n<\/div>\n\n<script type=\"application\/ld+json\">{\n    \"@context\": \"https:\\\/\\\/schema.org\",\n    \"@type\": \"FAQPage\",\n    \"mainEntity\": [\n        {\n            \"@type\": \"Question\",\n            \"name\": \"Quelle est la signification du nom Herri Urrats ?\",\n            \"acceptedAnswer\": {\n                \"@type\": \"Answer\",\n                \"text\": \"En langue basque, Herri Urrats signifie litt\\u00e9ralement \\u00ab\\u00a0le pas du peuple\\u00a0\\u00bb. Ce nom symbolise la marche collective et la solidarit\\u00e9 des habitants pour soutenir leur culture et leur syst\\u00e8me \\u00e9ducatif local.\"\n            }\n        },\n        {\n            \"@type\": \"Question\",\n            \"name\": \"\\u00c0 quelle date et dans quel lieu se d\\u00e9roule l&rsquo;\\u00e9v\\u00e9nement ?\",\n            \"acceptedAnswer\": {\n                \"@type\": \"Answer\",\n                \"text\": \"Le rassemblement a lieu chaque ann\\u00e9e le deuxi\\u00e8me dimanche de mai. Les festivit\\u00e9s se d\\u00e9roulent autour du lac de Saint-P\\u00e9e-sur-Nivelle, un espace naturel am\\u00e9nag\\u00e9 pour accueillir les diff\\u00e9rents p\\u00f4les d&rsquo;animations et les milliers de participants.\"\n            }\n        },\n        {\n            \"@type\": \"Question\",\n            \"name\": \"Quel est l&rsquo;objectif principal de cette f\\u00eate ?\",\n            \"acceptedAnswer\": {\n                \"@type\": \"Answer\",\n                \"text\": \"L&rsquo;\\u00e9v\\u00e9nement est organis\\u00e9 par l&rsquo;association Seaska pour financer les ikastola, les \\u00e9coles immersives en langue basque. Les b\\u00e9n\\u00e9fices servent concr\\u00e8tement \\u00e0 construire ou r\\u00e9nover des \\u00e9tablissements scolaires, comme des coll\\u00e8ges et des lyc\\u00e9es, dans les provinces du Labourd, de la Basse-Navarre et de la Soule.\"\n            }\n        },\n        {\n            \"@type\": \"Question\",\n            \"name\": \"Comment se rendre \\u00e0 Herri Urrats depuis Saint-Jean-Pied-de-Port ?\",\n            \"acceptedAnswer\": {\n                \"@type\": \"Answer\",\n                \"text\": \"En voiture, le trajet dure environ quarante minutes via les routes d\\u00e9partementales. Pour plus de simplicit\\u00e9, une ligne de bus directe est mise en place au d\\u00e9part du march\\u00e9 couvert de Saint-Jean-Pied-de-Port \\u00e0 8h00, avec un retour pr\\u00e9vu \\u00e0 20h00. Le billet pour ce trajet sp\\u00e9cifique co\\u00fbte dix euros et s&rsquo;ach\\u00e8te au magasin Kuxkul.\"\n            }\n        },\n        {\n            \"@type\": \"Question\",\n            \"name\": \"Quelles sont les animations propos\\u00e9es sur place ?\",\n            \"acceptedAnswer\": {\n                \"@type\": \"Answer\",\n                \"text\": \"Le site est divis\\u00e9 en plusieurs zones color\\u00e9es proposant des concerts de rock basque, des spectacles de danses traditionnelles et des d\\u00e9monstrations de bertsu (po\\u00e9sie improvis\\u00e9e). Pour les familles, des structures gonflables et des jeux en bois sont install\\u00e9s. Vous trouverez \\u00e9galement de nombreux points de restauration proposant des talos et des boissons locales.\"\n            }\n        },\n        {\n            \"@type\": \"Question\",\n            \"name\": \"O\\u00f9 peut-on loger \\u00e0 proximit\\u00e9 pour participer \\u00e0 la f\\u00eate ?\",\n            \"acceptedAnswer\": {\n                \"@type\": \"Answer\",\n                \"text\": \"Notre g\\u00eete Le Chemin vers l\\u2019\\u00c9toile, situ\\u00e9 \\u00e0 Saint-Jean-Pied-de-Port, propose des solutions d&rsquo;h\\u00e9bergement adapt\\u00e9es. Nous disposons de dortoirs de 8 \\u00e0 10 personnes pour un accueil convivial, ainsi que de boxes privatifs pour 2 \\u00e0 4 personnes. Des services pratiques comme une cuisine en libre acc\\u00e8s, un lavoir et une cour s\\u00e9curis\\u00e9e pour les v\\u00e9los sont \\u00e0 votre disposition.\"\n            }\n        }\n    ]\n}<\/script>","protected":false},"excerpt":{"rendered":"<p>Chaque ann\u00e9e, Herri Urrats attire de nombreux visiteurs au Pays basque le deuxi\u00e8me dimanche de mai. Dans cet article, nous vous proposons de d\u00e9couvrir cet \u00e9v\u00e9nement incontournable, organis\u00e9 non loin de notre g\u00eete \u00e0 Saint-Jean-Pied-de-Port. Ambiance festive, animations familiales, acc\u00e8s au lac de Saint-P\u00e9e-sur-Nivelle et solutions d\u2019h\u00e9bergement sur place ou \u00e0 proximit\u00e9. Comprendre l&rsquo;origine et [&hellip;]<\/p>","protected":false},"author":7,"featured_media":3106,"comment_status":"closed","ping_status":"closed","sticky":false,"template":"","format":"standard","meta":{"_acf_changed":false,"inline_featured_image":false,"footnotes":""},"categories":[1],"tags":[],"class_list":["post-3103","post","type-post","status-publish","format-standard","has-post-thumbnail","hentry","category-actualites"],"acf":[],"_links":{"self":[{"href":"https:\/\/pelerinage-saint-jacques-compostelle.com\/es\/wp-json\/wp\/v2\/posts\/3103","targetHints":{"allow":["GET"]}}],"collection":[{"href":"https:\/\/pelerinage-saint-jacques-compostelle.com\/es\/wp-json\/wp\/v2\/posts"}],"about":[{"href":"https:\/\/pelerinage-saint-jacques-compostelle.com\/es\/wp-json\/wp\/v2\/types\/post"}],"author":[{"embeddable":true,"href":"https:\/\/pelerinage-saint-jacques-compostelle.com\/es\/wp-json\/wp\/v2\/users\/7"}],"replies":[{"embeddable":true,"href":"https:\/\/pelerinage-saint-jacques-compostelle.com\/es\/wp-json\/wp\/v2\/comments?post=3103"}],"version-history":[{"count":0,"href":"https:\/\/pelerinage-saint-jacques-compostelle.com\/es\/wp-json\/wp\/v2\/posts\/3103\/revisions"}],"wp:featuredmedia":[{"embeddable":true,"href":"https:\/\/pelerinage-saint-jacques-compostelle.com\/es\/wp-json\/wp\/v2\/media\/3106"}],"wp:attachment":[{"href":"https:\/\/pelerinage-saint-jacques-compostelle.com\/es\/wp-json\/wp\/v2\/media?parent=3103"}],"wp:term":[{"taxonomy":"category","embeddable":true,"href":"https:\/\/pelerinage-saint-jacques-compostelle.com\/es\/wp-json\/wp\/v2\/categories?post=3103"},{"taxonomy":"post_tag","embeddable":true,"href":"https:\/\/pelerinage-saint-jacques-compostelle.com\/es\/wp-json\/wp\/v2\/tags?post=3103"}],"curies":[{"name":"wp","href":"https:\/\/api.w.org\/{rel}","templated":true}]}}